{"id":2132,"date":"2020-10-28T06:15:49","date_gmt":"2020-10-28T11:15:49","guid":{"rendered":"https:\/\/impulsoverde.org\/participation-de-lequipe-dimpulso-verde-et-du-reseau-de-pepinieres-a-une-minga-reforestons-le-paramo-du-volcan-cumbal\/"},"modified":"2023-02-21T06:59:44","modified_gmt":"2023-02-21T11:59:44","slug":"participation-de-lequipe-dimpulso-verde-et-du-reseau-de-pepinieres-a-une-minga-reforestons-le-paramo-du-volcan-cumbal","status":"publish","type":"post","link":"https:\/\/impulsoverde.org\/fr\/participation-de-lequipe-dimpulso-verde-et-du-reseau-de-pepinieres-a-une-minga-reforestons-le-paramo-du-volcan-cumbal\/","title":{"rendered":"Minga de Impulso Verde y la Red de Viveros &#8211; Reforestation du p\u00e1ramo de Cumbal"},"content":{"rendered":"<div class=\"wpb-content-wrapper\"><p>[vc_row gap=\u00a0\u00bb35&Prime; bg_type=\u00a0\u00bbbg_color\u00a0\u00bb bg_override=\u00a0\u00bbex-full\u00a0\u00bb bg_color_value=\u00a0\u00bb#056e04&Prime;][vc_column][vc_empty_space height=\u00a0\u00bb15px\u00a0\u00bb]<style type=\"text\/css\" data-type=\"the7_shortcodes-inline-css\">#default-btn-237a8b09cd658cb42163a6b747867e2b {\n  font-size: 14px;\n  line-height: 16px;\n  padding: 4px 0px 4px 0px;\n}\n#default-btn-237a8b09cd658cb42163a6b747867e2b.ico-right-side > i {\n  margin-right: 0px;\n  margin-left: 8px;\n}\n#default-btn-237a8b09cd658cb42163a6b747867e2b:after {\n  height: 2px;\n  background: #ffffff !important;\n}\n#default-btn-237a8b09cd658cb42163a6b747867e2b > i {\n  margin-right: 8px;\n  font-size: 14px;\n}\n#default-btn-237a8b09cd658cb42163a6b747867e2b:not(:hover),\n#default-btn-237a8b09cd658cb42163a6b747867e2b.link-hover-off:hover {\n  color: #ffffff;\n  background: none;\n}\n#default-btn-237a8b09cd658cb42163a6b747867e2b:not(:hover) *,\n#default-btn-237a8b09cd658cb42163a6b747867e2b.link-hover-off:hover * {\n  color: #ffffff;\n  background: none;\n}\n#default-btn-237a8b09cd658cb42163a6b747867e2b:not(.link-hover-off):hover {\n  color: #ffffff;\n  background: none;\n}\n#default-btn-237a8b09cd658cb42163a6b747867e2b:not(.link-hover-off):hover * {\n  color: #ffffff;\n  background: none;\n}\n#default-btn-237a8b09cd658cb42163a6b747867e2b.ico-right-side > i {\n  margin-right: 0px;\n  margin-left: 8px;\n}\n#default-btn-237a8b09cd658cb42163a6b747867e2b > i {\n  margin-right: 8px;\n}\n<\/style><div class=\"btn-align-center\"><a href=\"https:\/\/impulsoverde.org\/fr\/actualites\/\" class=\"default-btn-shortcode dt-btn-link upwards-line \" id=\"default-btn-237a8b09cd658cb42163a6b747867e2b\" title=\"Voir toutes l'actualit\u00e9s\"><i class=\"dt-icon-the7-misc-099\"><\/i><span>Voir toutes l&rsquo;actualit\u00e9s<\/span><\/a><\/div>[\/vc_column][\/vc_row][vc_row][vc_column][vc_single_image image=\u00a0\u00bb1133&Prime; img_size=\u00a0\u00bblarge\u00a0\u00bb alignment=\u00a0\u00bbcenter\u00a0\u00bb image_hovers=\u00a0\u00bbfalse\u00a0\u00bb el_class=\u00a0\u00bbtop-omble\u00a0\u00bb][vc_column_text]<\/p>\n<h2 style=\"text-align: center;\"><span style=\"color: #056e04;\">Minga de Impulso Verde y la Red de Viveros &#8211; Reforestation du p\u00e1ramo de Cumbal<\/span><\/h2>\n<p>[\/vc_column_text][vc_empty_space height=\u00a0\u00bb30px\u00a0\u00bb][\/vc_column][\/vc_row][vc_row gap=\u00a0\u00bb35&Prime; content_placement=\u00a0\u00bbmiddle\u00a0\u00bb][vc_column width=\u00a0\u00bb1\/2&Prime;][vc_single_image image=\u00a0\u00bb1637&Prime; img_size=\u00a0\u00bblarge\u00a0\u00bb alignment=\u00a0\u00bbcenter\u00a0\u00bb][vc_empty_space height=\u00a0\u00bb20px\u00a0\u00bb][\/vc_column][vc_column width=\u00a0\u00bb1\/2&Prime;][vc_column_text]<\/p>\n<p style=\"text-align: justify;\">Le dimanche 18 octobre, l&rsquo;association agro-\u00e9cologique Puma-Maki, du village de Muellamues dans la municipalit\u00e9 de Guachucal, a organis\u00e9 une minga pour planter des arbres indig\u00e8nes dans <a href=\"https:\/\/impulsoverde.org\/2067\/\">le p\u00e1ramo<\/a> de Cumbal. <em>Minga<\/em> est un mot d\u00e9riv\u00e9 de la langue quechua qui signifie \u00ab\u00a0travail partag\u00e9 pour le bien commun\u00a0\u00bb. Aujourd&rsquo;hui, le mot est utilis\u00e9 de la m\u00eame mani\u00e8re pour d\u00e9signer un travail organis\u00e9 visant \u00e0 construire ou \u00e0 cr\u00e9er quelque chose en communaut\u00e9 : construire une maison ou un jardin communautaire ou organiser une plantation d&rsquo;arbres.<\/p>\n<p style=\"text-align: justify;\">Une partie de la lande autour de la lagune a \u00e9t\u00e9 br\u00fbl\u00e9e il y a quelques mois. L&rsquo;\u00e9quipe d&rsquo;Impulso Verde, des membres de l&rsquo;<a href=\"https:\/\/www.facebook.com\/Vivero-Agroforestal-Sinchimaki-107963347320704\">association Sinchimaki de Cumbal,<\/a> l&rsquo;Unit\u00e9 municipale d&rsquo;assistance technique agricole (UMATA) d&rsquo;Aldana et plusieurs volontaires de Muellamues ont accompagn\u00e9 l&rsquo;association Puma-Maki pour r\u00e9aliser la minga et planter 1 000 arbres indig\u00e8nes. Environ 50 personnes ont particip\u00e9 \u00e0 la minga.<\/p>\n<p>Cette journ\u00e9e de reforestation communautaire a \u00e9t\u00e9 rendue possible gr\u00e2ce au don de l\u2019association fran\u00e7aise <a href=\"https:\/\/www.facebook.com\/AuBoutDeLaRouteVertLaForet\"><em>Au Bout De La Route<\/em><\/a> de la ville d\u2019Istres. Nous esp\u00e9rons que vous pourrez nous rendre visite bient\u00f4t et participer \u00e0 une prochaine minga ![\/vc_column_text][\/vc_column][\/vc_row][vc_row gap=\u00a0\u00bb35&Prime; content_placement=\u00a0\u00bbmiddle\u00a0\u00bb][vc_column][vc_column_text]<\/p>\n<p style=\"text-align: justify;\">Lors de la journ\u00e9e de reforestation, nous avons pu discuter avec les participants et recueillir plusieurs t\u00e9moignages. Diana, Manuel et Elizabeth partagent leurs r\u00e9flexions sur la n\u00e9cessit\u00e9 de reboiser les p\u00e1ramos.<\/p>\n<p>[\/vc_column_text][\/vc_column][\/vc_row][vc_row gap=\u00a0\u00bb35&Prime;][vc_column width=\u00a0\u00bb1\/4&Prime;][vc_single_image image=\u00a0\u00bb1633&Prime; img_size=\u00a0\u00bblarge\u00a0\u00bb alignment=\u00a0\u00bbcenter\u00a0\u00bb][vc_empty_space height=\u00a0\u00bb20px\u00a0\u00bb][\/vc_column][vc_column width=\u00a0\u00bb3\/4&Prime;][vc_column_text]<\/p>\n<h4 style=\"text-align: justify;\"><span style=\"color: #008000;\">Diana, association Sinchimaki, r\u00e9serve indig\u00e8ne Cumbal :<\/span><\/h4>\n<p style=\"text-align: justify;\">\u201cNotre but est avant tout de prendre conscience des dommages que nous causons \u00e0 la biodiversit\u00e9 de notre m\u00e8re la Terre. Parce que notre m\u00e8re la Terre nous donne tout ce dont nous avons besoin pour \u00eatre en bonne sant\u00e9, comme l\u2019eau. Surtout, l\u2019eau. De plus, nos p\u00e1ramos sont tr\u00e8s importants pour nous, en tant que r\u00e9serve indig\u00e8ne, pour les autres municipalit\u00e9s et pour la Colombie en g\u00e9n\u00e9ral. Nous vous invitons \u00e0 vous joindre \u00e0 nous pour continuer \u00e0 participer \u00e0 ces mingas qui sont tr\u00e8s importantes pour les associations du r\u00e9seau Impulso Verde. Nous remercions tous ceux d\u2019entre vous qui sont avec nous aujourd\u2019hui .\u201d<\/p>\n<p>[\/vc_column_text][vc_empty_space height=\u00a0\u00bb25px\u00a0\u00bb][\/vc_column][\/vc_row][vc_row gap=\u00a0\u00bb35&Prime;][vc_column width=\u00a0\u00bb3\/4&Prime;][vc_empty_space height=\u00a0\u00bb25px\u00a0\u00bb][vc_column_text]<\/p>\n<h4><span style=\"color: #008000;\">Manuel, association Puma-Maki, Guachucal :<\/span><\/h4>\n<p style=\"text-align: justify;\">\u201cAujourd&rsquo;hui, nous sommes ici pour planter la vie. Parce que planter un arbre, c&rsquo;est planter la vie. Dans nos territoires en tant que communaut\u00e9s indig\u00e8nes, notre mission est de r\u00e9cup\u00e9rer l&rsquo;environnement, de r\u00e9cup\u00e9rer nos sources d&rsquo;eau. Et c&rsquo;est notre t\u00e2che ici.\u201d<\/p>\n<p>[\/vc_column_text][vc_empty_space height=\u00a0\u00bb25px\u00a0\u00bb][\/vc_column][vc_column width=\u00a0\u00bb1\/4&Prime;][vc_single_image image=\u00a0\u00bb1631&Prime; img_size=\u00a0\u00bblarge\u00a0\u00bb alignment=\u00a0\u00bbcenter\u00a0\u00bb][vc_empty_space height=\u00a0\u00bb25px\u00a0\u00bb][\/vc_column][\/vc_row][vc_row gap=\u00a0\u00bb35&Prime;][vc_column width=\u00a0\u00bb1\/4&Prime;][vc_single_image image=\u00a0\u00bb1635&Prime; img_size=\u00a0\u00bblarge\u00a0\u00bb alignment=\u00a0\u00bbcenter\u00a0\u00bb][vc_empty_space height=\u00a0\u00bb20px\u00a0\u00bb][\/vc_column][vc_column width=\u00a0\u00bb3\/4&Prime;][vc_column_text]<\/p>\n<h4><span style=\"color: #008000;\">Elizabeth, m\u00e9decin v\u00e9t\u00e9rinaire et coordinatrice UMATA, Aldana :<\/span><\/h4>\n<p style=\"text-align: justify;\">\u201cAujourd&rsquo;hui nous accompagnons la fondation Impulso Verde et l&rsquo;association Puma-Maki dans la reforestation du p\u00e1ramo de la lagune de Cumbal. Nous sommes ici pour aider \u00e0 la reforestation car certaines personnes ont provoqu\u00e9 un incendie. Nous aidons donc la v\u00e9g\u00e9tation \u00e0 repousser. Je suis ici avec mon fils, cela a \u00e9t\u00e9 un parcours tr\u00e8s difficile pour lui de prendre conscience de la nature et de l&rsquo;environnement d\u00e8s son plus jeune \u00e2ge.\u201d<\/p>\n<p>[\/vc_column_text][vc_empty_space height=\u00a0\u00bb25px\u00a0\u00bb][\/vc_column][\/vc_row][vc_row][vc_column][vc_empty_space height=\u00a0\u00bb25px\u00a0\u00bb]<style type=\"text\/css\" data-type=\"the7_shortcodes-inline-css\">.gallery-shortcode.gallery-photos-masonry-shortcode-id-7db1f7d57a099217ff53cf3442e3633a figure,\n.gallery-shortcode.gallery-photos-masonry-shortcode-id-7db1f7d57a099217ff53cf3442e3633a .rollover,\n.gallery-shortcode.gallery-photos-masonry-shortcode-id-7db1f7d57a099217ff53cf3442e3633a img,\n.gallery-shortcode.gallery-photos-masonry-shortcode-id-7db1f7d57a099217ff53cf3442e3633a .gallery-rollover {\n  border-radius: 0px;\n}\n.gallery-shortcode.gallery-photos-masonry-shortcode-id-7db1f7d57a099217ff53cf3442e3633a.enable-bg-rollover .gallery-rollover {\n  background: -webkit-linear-gradient();\n  background: linear-gradient();\n}\n.gallery-shortcode.gallery-photos-masonry-shortcode-id-7db1f7d57a099217ff53cf3442e3633a.enable-bg-rollover.hover-scale .rollover:after {\n  background: -webkit-linear-gradient();\n  background: linear-gradient();\n}\n.gallery-shortcode.gallery-photos-masonry-shortcode-id-7db1f7d57a099217ff53cf3442e3633a .gallery-zoom-ico {\n  width: 44px;\n  height: 44px;\n  line-height: 44px;\n  border-radius: 100px;\n  margin: -22px 0 0 -22px;\n  border-width: 0px;\n}\n.dt-icon-bg-on.gallery-shortcode.gallery-photos-masonry-shortcode-id-7db1f7d57a099217ff53cf3442e3633a .gallery-zoom-ico {\n  background: rgba(255,255,255,0.3);\n  -webkit-box-shadow: none;\n  box-shadow: none;\n}\n.gallery-shortcode.gallery-photos-masonry-shortcode-id-7db1f7d57a099217ff53cf3442e3633a .gallery-zoom-ico:before,\n.gallery-shortcode.gallery-photos-masonry-shortcode-id-7db1f7d57a099217ff53cf3442e3633a .gallery-zoom-ico span {\n  font-size: 32px;\n  line-height: 44px;\n  color: #ffffff;\n}\n.gallery-shortcode.gallery-photos-masonry-shortcode-id-7db1f7d57a099217ff53cf3442e3633a:not(.resize-by-browser-width) .dt-css-grid {\n  grid-row-gap: 20px;\n  grid-column-gap: 20px;\n  grid-template-columns: repeat(auto-fill,minmax(,1fr));\n}\n.gallery-shortcode.gallery-photos-masonry-shortcode-id-7db1f7d57a099217ff53cf3442e3633a:not(.resize-by-browser-width) .dt-css-grid .double-width {\n  grid-column: span 2;\n}\n.cssgridlegacy.no-cssgrid .gallery-shortcode.gallery-photos-masonry-shortcode-id-7db1f7d57a099217ff53cf3442e3633a:not(.resize-by-browser-width) .dt-css-grid,\n.no-cssgridlegacy.no-cssgrid .gallery-shortcode.gallery-photos-masonry-shortcode-id-7db1f7d57a099217ff53cf3442e3633a:not(.resize-by-browser-width) .dt-css-grid {\n  display: flex;\n  flex-flow: row wrap;\n  margin: -10px;\n}\n.cssgridlegacy.no-cssgrid .gallery-shortcode.gallery-photos-masonry-shortcode-id-7db1f7d57a099217ff53cf3442e3633a:not(.resize-by-browser-width) .dt-css-grid .wf-cell,\n.no-cssgridlegacy.no-cssgrid .gallery-shortcode.gallery-photos-masonry-shortcode-id-7db1f7d57a099217ff53cf3442e3633a:not(.resize-by-browser-width) .dt-css-grid .wf-cell {\n  flex: 1 0 ;\n  max-width: 100%;\n  padding: 10px;\n  box-sizing: border-box;\n}\n.gallery-shortcode.gallery-photos-masonry-shortcode-id-7db1f7d57a099217ff53cf3442e3633a.resize-by-browser-width .dt-css-grid {\n  grid-template-columns: repeat(5,1fr);\n  grid-template-rows: auto;\n  grid-column-gap: 20px;\n  grid-row-gap: 20px;\n}\n.gallery-shortcode.gallery-photos-masonry-shortcode-id-7db1f7d57a099217ff53cf3442e3633a.resize-by-browser-width .dt-css-grid .double-width {\n  grid-column: span 2;\n}\n.cssgridlegacy.no-cssgrid .gallery-shortcode.gallery-photos-masonry-shortcode-id-7db1f7d57a099217ff53cf3442e3633a.resize-by-browser-width .dt-css-grid {\n  margin: -10px;\n}\n.cssgridlegacy.no-cssgrid .gallery-shortcode.gallery-photos-masonry-shortcode-id-7db1f7d57a099217ff53cf3442e3633a.resize-by-browser-width .dt-css-grid .wf-cell {\n  width: 20%;\n  padding: 10px;\n}\n.cssgridlegacy.no-cssgrid .gallery-shortcode.gallery-photos-masonry-shortcode-id-7db1f7d57a099217ff53cf3442e3633a.resize-by-browser-width .dt-css-grid .wf-cell.double-width {\n  width: calc(20%) * 2;\n}\n.gallery-shortcode.gallery-photos-masonry-shortcode-id-7db1f7d57a099217ff53cf3442e3633a.resize-by-browser-width:not(.centered-layout-list):not(.content-bg-on) .dt-css-grid {\n  grid-row-gap: 20px - ;\n}\n@media screen and (max-width: 1199px) {\n  .gallery-shortcode.gallery-photos-masonry-shortcode-id-7db1f7d57a099217ff53cf3442e3633a.resize-by-browser-width .dt-css-grid {\n    grid-template-columns: repeat(4,1fr);\n  }\n  .cssgridlegacy.no-cssgrid .gallery-shortcode.gallery-photos-masonry-shortcode-id-7db1f7d57a099217ff53cf3442e3633a.resize-by-browser-width .dt-css-grid .wf-cell,\n  .no-cssgridlegacy.no-cssgrid .gallery-shortcode.gallery-photos-masonry-shortcode-id-7db1f7d57a099217ff53cf3442e3633a.resize-by-browser-width .dt-css-grid .wf-cell {\n    width: 25%;\n  }\n  .cssgridlegacy.no-cssgrid .gallery-shortcode.gallery-photos-masonry-shortcode-id-7db1f7d57a099217ff53cf3442e3633a.resize-by-browser-width .dt-css-grid .wf-cell.double-width,\n  .no-cssgridlegacy.no-cssgrid .gallery-shortcode.gallery-photos-masonry-shortcode-id-7db1f7d57a099217ff53cf3442e3633a.resize-by-browser-width .dt-css-grid .wf-cell.double-width {\n    width: calc(25%)*2;\n  }\n}\n@media screen and (max-width: 991px) {\n  .gallery-shortcode.gallery-photos-masonry-shortcode-id-7db1f7d57a099217ff53cf3442e3633a.resize-by-browser-width .dt-css-grid {\n    grid-template-columns: repeat(3,1fr);\n  }\n  .cssgridlegacy.no-cssgrid .gallery-shortcode.gallery-photos-masonry-shortcode-id-7db1f7d57a099217ff53cf3442e3633a.resize-by-browser-width .dt-css-grid .wf-cell,\n  .no-cssgridlegacy.no-cssgrid .gallery-shortcode.gallery-photos-masonry-shortcode-id-7db1f7d57a099217ff53cf3442e3633a.resize-by-browser-width .dt-css-grid .wf-cell {\n    width: 33.333333333333%;\n  }\n  .cssgridlegacy.no-cssgrid .gallery-shortcode.gallery-photos-masonry-shortcode-id-7db1f7d57a099217ff53cf3442e3633a.resize-by-browser-width .dt-css-grid .wf-cell.double-width,\n  .no-cssgridlegacy.no-cssgrid .gallery-shortcode.gallery-photos-masonry-shortcode-id-7db1f7d57a099217ff53cf3442e3633a.resize-by-browser-width .dt-css-grid .wf-cell.double-width {\n    width: calc(33.333333333333%)*2;\n  }\n}\n@media screen and (max-width: 767px) {\n  .gallery-shortcode.gallery-photos-masonry-shortcode-id-7db1f7d57a099217ff53cf3442e3633a.resize-by-browser-width .dt-css-grid {\n    grid-template-columns: repeat(2,1fr);\n  }\n  .cssgridlegacy.no-cssgrid .gallery-shortcode.gallery-photos-masonry-shortcode-id-7db1f7d57a099217ff53cf3442e3633a.resize-by-browser-width .dt-css-grid .wf-cell,\n  .no-cssgridlegacy.no-cssgrid .gallery-shortcode.gallery-photos-masonry-shortcode-id-7db1f7d57a099217ff53cf3442e3633a.resize-by-browser-width .dt-css-grid .wf-cell {\n    width: 50%;\n  }\n  .cssgridlegacy.no-cssgrid .gallery-shortcode.gallery-photos-masonry-shortcode-id-7db1f7d57a099217ff53cf3442e3633a.resize-by-browser-width .dt-css-grid .wf-cell.double-width,\n  .no-cssgridlegacy.no-cssgrid .gallery-shortcode.gallery-photos-masonry-shortcode-id-7db1f7d57a099217ff53cf3442e3633a.resize-by-browser-width .dt-css-grid .wf-cell.double-width {\n    width: calc(50%)*2;\n  }\n}\n<\/style><div class=\"gallery-shortcode album-gallery-shortcode dt-gallery-container gallery-photos-masonry-shortcode-id-7db1f7d57a099217ff53cf3442e3633a mode-grid jquery-filter dt-icon-bg-off quick-scale-img dt-css-grid-wrap resize-by-browser-width  hover-fade loading-effect-fade-in description-on-hover\" data-padding=\"10px\" data-cur-page=\"1\" data-post-limit=\"-1\" data-pagination-mode=\"none\" data-desktop-columns-num=\"5\" data-v-tablet-columns-num=\"3\" data-h-tablet-columns-num=\"4\" data-phone-columns-num=\"2\" data-width=\"0px\" data-columns=\"0\"><div class=\"dt-css-grid\" ><div class=\"visible wf-cell\" data-post-id=\"1681\" data-date=\"2023-02-11T07:02:58-05:00\" data-name=\"DCIM105GOPROGOPR6077.JPG\"><article class=\"post visible post-1681 attachment type-attachment status-inherit hentry no-img\"><a href=\"https:\/\/impulsoverde.org\/wp-content\/uploads\/2023\/02\/camino_minga_impulso_verde.jpg\" class=\"rollover-click-target rollover dt-pswp-item layzr-bg\" title=\"DCIM105GOPROGOPR6077.JPG\" data-dt-img-description=\"\"  data-large_image_width=\"2000\" data-large_image_height = \"1500\" ><img fetchpriority=\"high\" decoding=\"async\" class=\"preload-me iso-lazy-load aspect\" src=\"data:image\/svg+xml,%3Csvg%20xmlns%3D&#39;http%3A%2F%2Fwww.w3.org%2F2000%2Fsvg&#39;%20viewBox%3D&#39;0%200%20374%20280&#39;%2F%3E\" data-src=\"https:\/\/impulsoverde.org\/wp-content\/uploads\/2023\/02\/camino_minga_impulso_verde-374x280.jpg\" data-srcset=\"https:\/\/impulsoverde.org\/wp-content\/uploads\/2023\/02\/camino_minga_impulso_verde-374x280.jpg 374w, https:\/\/impulsoverde.org\/wp-content\/uploads\/2023\/02\/camino_minga_impulso_verde-561x420.jpg 561w\" loading=\"eager\" style=\"--ratio: 374 \/ 280\" sizes=\"(max-width: 374px) 100vw, 374px\" alt=\"\" width=\"374\" height=\"280\"  \/><span class=\"gallery-rollover\"><span class=\"gallery-zoom-ico icomoon-the7-font-the7-zoom-06\"><span><\/span><\/span><\/span><\/a><\/article><\/div><div class=\"visible wf-cell\" data-post-id=\"1717\" data-date=\"2023-02-11T07:03:43-05:00\" data-name=\"DCIM105GOPROGOPR6126.JPG\"><article class=\"post visible post-1717 attachment type-attachment status-inherit hentry no-img\"><a href=\"https:\/\/impulsoverde.org\/wp-content\/uploads\/2023\/02\/nathalia_juan_linnette_impulso_verde.jpg\" class=\"rollover-click-target rollover dt-pswp-item layzr-bg\" title=\"DCIM105GOPROGOPR6126.JPG\" data-dt-img-description=\"\"  data-large_image_width=\"2000\" data-large_image_height = \"1500\" ><img decoding=\"async\" class=\"preload-me iso-lazy-load aspect\" src=\"data:image\/svg+xml,%3Csvg%20xmlns%3D&#39;http%3A%2F%2Fwww.w3.org%2F2000%2Fsvg&#39;%20viewBox%3D&#39;0%200%20374%20280&#39;%2F%3E\" data-src=\"https:\/\/impulsoverde.org\/wp-content\/uploads\/2023\/02\/nathalia_juan_linnette_impulso_verde-374x280.jpg\" data-srcset=\"https:\/\/impulsoverde.org\/wp-content\/uploads\/2023\/02\/nathalia_juan_linnette_impulso_verde-374x280.jpg 374w, https:\/\/impulsoverde.org\/wp-content\/uploads\/2023\/02\/nathalia_juan_linnette_impulso_verde-561x420.jpg 561w\" loading=\"eager\" style=\"--ratio: 374 \/ 280\" sizes=\"(max-width: 374px) 100vw, 374px\" alt=\"\" width=\"374\" height=\"280\"  \/><span class=\"gallery-rollover\"><span class=\"gallery-zoom-ico icomoon-the7-font-the7-zoom-06\"><span><\/span><\/span><\/span><\/a><\/article><\/div><div class=\"visible wf-cell\" data-post-id=\"1715\" data-date=\"2023-02-11T07:03:41-05:00\" data-name=\"DCIM105GOPROGOPR6358.JPG\"><article class=\"post visible post-1715 attachment type-attachment status-inherit hentry no-img\"><a href=\"https:\/\/impulsoverde.org\/wp-content\/uploads\/2023\/02\/montana_reforestacion_impulso_verde.jpg\" class=\"rollover-click-target rollover dt-pswp-item layzr-bg\" title=\"DCIM105GOPROGOPR6358.JPG\" data-dt-img-description=\"\"  data-large_image_width=\"2000\" data-large_image_height = \"1500\" ><img decoding=\"async\" class=\"preload-me iso-lazy-load aspect\" src=\"data:image\/svg+xml,%3Csvg%20xmlns%3D&#39;http%3A%2F%2Fwww.w3.org%2F2000%2Fsvg&#39;%20viewBox%3D&#39;0%200%20374%20280&#39;%2F%3E\" data-src=\"https:\/\/impulsoverde.org\/wp-content\/uploads\/2023\/02\/montana_reforestacion_impulso_verde-374x280.jpg\" data-srcset=\"https:\/\/impulsoverde.org\/wp-content\/uploads\/2023\/02\/montana_reforestacion_impulso_verde-374x280.jpg 374w, https:\/\/impulsoverde.org\/wp-content\/uploads\/2023\/02\/montana_reforestacion_impulso_verde-561x420.jpg 561w\" loading=\"eager\" style=\"--ratio: 374 \/ 280\" sizes=\"(max-width: 374px) 100vw, 374px\" alt=\"\" width=\"374\" height=\"280\"  \/><span class=\"gallery-rollover\"><span class=\"gallery-zoom-ico icomoon-the7-font-the7-zoom-06\"><span><\/span><\/span><\/span><\/a><\/article><\/div><div class=\"visible wf-cell\" data-post-id=\"1713\" data-date=\"2023-02-11T07:03:38-05:00\" data-name=\"DCIM105GOPROGOPR6187.JPG\"><article class=\"post visible post-1713 attachment type-attachment status-inherit hentry no-img\"><a href=\"https:\/\/impulsoverde.org\/wp-content\/uploads\/2023\/02\/minga_grupo_impulso_verde.jpg\" class=\"rollover-click-target rollover dt-pswp-item layzr-bg\" title=\"DCIM105GOPROGOPR6187.JPG\" data-dt-img-description=\"\"  data-large_image_width=\"2000\" data-large_image_height = \"1500\" ><img decoding=\"async\" class=\"preload-me iso-lazy-load aspect\" src=\"data:image\/svg+xml,%3Csvg%20xmlns%3D&#39;http%3A%2F%2Fwww.w3.org%2F2000%2Fsvg&#39;%20viewBox%3D&#39;0%200%20374%20280&#39;%2F%3E\" data-src=\"https:\/\/impulsoverde.org\/wp-content\/uploads\/2023\/02\/minga_grupo_impulso_verde-374x280.jpg\" data-srcset=\"https:\/\/impulsoverde.org\/wp-content\/uploads\/2023\/02\/minga_grupo_impulso_verde-374x280.jpg 374w, https:\/\/impulsoverde.org\/wp-content\/uploads\/2023\/02\/minga_grupo_impulso_verde-561x420.jpg 561w\" loading=\"eager\" style=\"--ratio: 374 \/ 280\" sizes=\"(max-width: 374px) 100vw, 374px\" alt=\"\" width=\"374\" height=\"280\"  \/><span class=\"gallery-rollover\"><span class=\"gallery-zoom-ico icomoon-the7-font-the7-zoom-06\"><span><\/span><\/span><\/span><\/a><\/article><\/div><div class=\"visible wf-cell\" data-post-id=\"1683\" data-date=\"2023-02-11T07:03:01-05:00\" data-name=\"DCIM105GOPROGOPR6114.JPG\"><article class=\"post visible post-1683 attachment type-attachment status-inherit hentry no-img\"><a href=\"https:\/\/impulsoverde.org\/wp-content\/uploads\/2023\/02\/canasta_plantas_impulso_verde.jpg\" class=\"rollover-click-target rollover dt-pswp-item layzr-bg\" title=\"DCIM105GOPROGOPR6114.JPG\" data-dt-img-description=\"\"  data-large_image_width=\"2000\" data-large_image_height = \"1500\" ><img decoding=\"async\" class=\"preload-me iso-lazy-load aspect\" src=\"data:image\/svg+xml,%3Csvg%20xmlns%3D&#39;http%3A%2F%2Fwww.w3.org%2F2000%2Fsvg&#39;%20viewBox%3D&#39;0%200%20374%20280&#39;%2F%3E\" data-src=\"https:\/\/impulsoverde.org\/wp-content\/uploads\/2023\/02\/canasta_plantas_impulso_verde-374x280.jpg\" data-srcset=\"https:\/\/impulsoverde.org\/wp-content\/uploads\/2023\/02\/canasta_plantas_impulso_verde-374x280.jpg 374w, https:\/\/impulsoverde.org\/wp-content\/uploads\/2023\/02\/canasta_plantas_impulso_verde-561x420.jpg 561w\" loading=\"eager\" style=\"--ratio: 374 \/ 280\" sizes=\"(max-width: 374px) 100vw, 374px\" alt=\"\" width=\"374\" height=\"280\"  \/><span class=\"gallery-rollover\"><span class=\"gallery-zoom-ico icomoon-the7-font-the7-zoom-06\"><span><\/span><\/span><\/span><\/a><\/article><\/div><div class=\"visible wf-cell\" data-post-id=\"1701\" data-date=\"2023-02-11T07:03:22-05:00\" data-name=\"DCIM105GOPROGOPR6144.JPG\"><article class=\"post visible post-1701 attachment type-attachment status-inherit hentry no-img\"><a href=\"https:\/\/impulsoverde.org\/wp-content\/uploads\/2023\/02\/grupo_paramo_impulso_verde.jpg\" class=\"rollover-click-target rollover dt-pswp-item layzr-bg\" title=\"DCIM105GOPROGOPR6144.JPG\" data-dt-img-description=\"\"  data-large_image_width=\"2000\" data-large_image_height = \"1500\" ><img decoding=\"async\" class=\"preload-me iso-lazy-load aspect\" src=\"data:image\/svg+xml,%3Csvg%20xmlns%3D&#39;http%3A%2F%2Fwww.w3.org%2F2000%2Fsvg&#39;%20viewBox%3D&#39;0%200%20374%20280&#39;%2F%3E\" data-src=\"https:\/\/impulsoverde.org\/wp-content\/uploads\/2023\/02\/grupo_paramo_impulso_verde-374x280.jpg\" data-srcset=\"https:\/\/impulsoverde.org\/wp-content\/uploads\/2023\/02\/grupo_paramo_impulso_verde-374x280.jpg 374w, https:\/\/impulsoverde.org\/wp-content\/uploads\/2023\/02\/grupo_paramo_impulso_verde-561x420.jpg 561w\" loading=\"eager\" style=\"--ratio: 374 \/ 280\" sizes=\"(max-width: 374px) 100vw, 374px\" alt=\"\" width=\"374\" height=\"280\"  \/><span class=\"gallery-rollover\"><span class=\"gallery-zoom-ico icomoon-the7-font-the7-zoom-06\"><span><\/span><\/span><\/span><\/a><\/article><\/div><div class=\"visible wf-cell\" data-post-id=\"1723\" data-date=\"2023-02-11T07:03:52-05:00\" data-name=\"DCIM105GOPROGOPR6216.JPG\"><article class=\"post visible post-1723 attachment type-attachment status-inherit hentry no-img\"><a href=\"https:\/\/impulsoverde.org\/wp-content\/uploads\/2023\/02\/vanessa_sembrando_impulso_verde.jpg\" class=\"rollover-click-target rollover dt-pswp-item layzr-bg\" title=\"DCIM105GOPROGOPR6216.JPG\" data-dt-img-description=\"\"  data-large_image_width=\"2000\" data-large_image_height = \"1500\" ><img decoding=\"async\" class=\"preload-me iso-lazy-load aspect\" src=\"data:image\/svg+xml,%3Csvg%20xmlns%3D&#39;http%3A%2F%2Fwww.w3.org%2F2000%2Fsvg&#39;%20viewBox%3D&#39;0%200%20374%20280&#39;%2F%3E\" data-src=\"https:\/\/impulsoverde.org\/wp-content\/uploads\/2023\/02\/vanessa_sembrando_impulso_verde-374x280.jpg\" data-srcset=\"https:\/\/impulsoverde.org\/wp-content\/uploads\/2023\/02\/vanessa_sembrando_impulso_verde-374x280.jpg 374w, https:\/\/impulsoverde.org\/wp-content\/uploads\/2023\/02\/vanessa_sembrando_impulso_verde-561x420.jpg 561w\" loading=\"eager\" style=\"--ratio: 374 \/ 280\" sizes=\"(max-width: 374px) 100vw, 374px\" alt=\"\" width=\"374\" height=\"280\"  \/><span class=\"gallery-rollover\"><span class=\"gallery-zoom-ico icomoon-the7-font-the7-zoom-06\"><span><\/span><\/span><\/span><\/a><\/article><\/div><div class=\"visible wf-cell\" data-post-id=\"1721\" data-date=\"2023-02-11T07:03:49-05:00\" data-name=\"DCIM105GOPROGOPR6222.JPG\"><article class=\"post visible post-1721 attachment type-attachment status-inherit hentry no-img\"><a href=\"https:\/\/impulsoverde.org\/wp-content\/uploads\/2023\/02\/sembrando_minga_impulso_verde.jpg\" class=\"rollover-click-target rollover dt-pswp-item layzr-bg\" title=\"DCIM105GOPROGOPR6222.JPG\" data-dt-img-description=\"\"  data-large_image_width=\"2000\" data-large_image_height = \"1500\" ><img decoding=\"async\" class=\"preload-me iso-lazy-load aspect\" src=\"data:image\/svg+xml,%3Csvg%20xmlns%3D&#39;http%3A%2F%2Fwww.w3.org%2F2000%2Fsvg&#39;%20viewBox%3D&#39;0%200%20374%20280&#39;%2F%3E\" data-src=\"https:\/\/impulsoverde.org\/wp-content\/uploads\/2023\/02\/sembrando_minga_impulso_verde-374x280.jpg\" data-srcset=\"https:\/\/impulsoverde.org\/wp-content\/uploads\/2023\/02\/sembrando_minga_impulso_verde-374x280.jpg 374w, https:\/\/impulsoverde.org\/wp-content\/uploads\/2023\/02\/sembrando_minga_impulso_verde-561x420.jpg 561w\" loading=\"eager\" style=\"--ratio: 374 \/ 280\" sizes=\"(max-width: 374px) 100vw, 374px\" alt=\"\" width=\"374\" height=\"280\"  \/><span class=\"gallery-rollover\"><span class=\"gallery-zoom-ico icomoon-the7-font-the7-zoom-06\"><span><\/span><\/span><\/span><\/a><\/article><\/div><div class=\"visible wf-cell\" data-post-id=\"1719\" data-date=\"2023-02-11T07:03:46-05:00\" data-name=\"DCIM105GOPROGOPR6154.JPG\"><article class=\"post visible post-1719 attachment type-attachment status-inherit hentry no-img\"><a href=\"https:\/\/impulsoverde.org\/wp-content\/uploads\/2023\/02\/paisaje_paramo_impulso_verde.jpg\" class=\"rollover-click-target rollover dt-pswp-item layzr-bg\" title=\"DCIM105GOPROGOPR6154.JPG\" data-dt-img-description=\"\"  data-large_image_width=\"2000\" data-large_image_height = \"1500\" ><img decoding=\"async\" class=\"preload-me iso-lazy-load aspect\" src=\"data:image\/svg+xml,%3Csvg%20xmlns%3D&#39;http%3A%2F%2Fwww.w3.org%2F2000%2Fsvg&#39;%20viewBox%3D&#39;0%200%20374%20280&#39;%2F%3E\" data-src=\"https:\/\/impulsoverde.org\/wp-content\/uploads\/2023\/02\/paisaje_paramo_impulso_verde-374x280.jpg\" data-srcset=\"https:\/\/impulsoverde.org\/wp-content\/uploads\/2023\/02\/paisaje_paramo_impulso_verde-374x280.jpg 374w, https:\/\/impulsoverde.org\/wp-content\/uploads\/2023\/02\/paisaje_paramo_impulso_verde-561x420.jpg 561w\" loading=\"eager\" style=\"--ratio: 374 \/ 280\" sizes=\"(max-width: 374px) 100vw, 374px\" alt=\"\" width=\"374\" height=\"280\"  \/><span class=\"gallery-rollover\"><span class=\"gallery-zoom-ico icomoon-the7-font-the7-zoom-06\"><span><\/span><\/span><\/span><\/a><\/article><\/div><div class=\"visible wf-cell\" data-post-id=\"1709\" data-date=\"2023-02-11T07:03:33-05:00\" data-name=\"DCIM105GOPROGOPR6220.JPG\"><article class=\"post visible post-1709 attachment type-attachment status-inherit hentry no-img\"><a href=\"https:\/\/impulsoverde.org\/wp-content\/uploads\/2023\/02\/luisa_sembrando_impulso_verde.jpg\" class=\"rollover-click-target rollover dt-pswp-item layzr-bg\" title=\"DCIM105GOPROGOPR6220.JPG\" data-dt-img-description=\"\"  data-large_image_width=\"2000\" data-large_image_height = \"1500\" ><img decoding=\"async\" class=\"preload-me iso-lazy-load aspect\" src=\"data:image\/svg+xml,%3Csvg%20xmlns%3D&#39;http%3A%2F%2Fwww.w3.org%2F2000%2Fsvg&#39;%20viewBox%3D&#39;0%200%20374%20280&#39;%2F%3E\" data-src=\"https:\/\/impulsoverde.org\/wp-content\/uploads\/2023\/02\/luisa_sembrando_impulso_verde-374x280.jpg\" data-srcset=\"https:\/\/impulsoverde.org\/wp-content\/uploads\/2023\/02\/luisa_sembrando_impulso_verde-374x280.jpg 374w, https:\/\/impulsoverde.org\/wp-content\/uploads\/2023\/02\/luisa_sembrando_impulso_verde-561x420.jpg 561w\" loading=\"eager\" style=\"--ratio: 374 \/ 280\" sizes=\"(max-width: 374px) 100vw, 374px\" alt=\"\" width=\"374\" height=\"280\"  \/><span class=\"gallery-rollover\"><span class=\"gallery-zoom-ico icomoon-the7-font-the7-zoom-06\"><span><\/span><\/span><\/span><\/a><\/article><\/div><div class=\"visible wf-cell\" data-post-id=\"1707\" data-date=\"2023-02-11T07:03:31-05:00\" data-name=\"DCIM105GOPROGOPR6183.JPG\"><article class=\"post visible post-1707 attachment type-attachment status-inherit hentry no-img\"><a href=\"https:\/\/impulsoverde.org\/wp-content\/uploads\/2023\/02\/laguna_frailejones_impulso_verde-1.jpg\" class=\"rollover-click-target rollover dt-pswp-item layzr-bg\" title=\"DCIM105GOPROGOPR6183.JPG\" data-dt-img-description=\"\"  data-large_image_width=\"2000\" data-large_image_height = \"1500\" ><img decoding=\"async\" class=\"preload-me iso-lazy-load aspect\" src=\"data:image\/svg+xml,%3Csvg%20xmlns%3D&#39;http%3A%2F%2Fwww.w3.org%2F2000%2Fsvg&#39;%20viewBox%3D&#39;0%200%20374%20280&#39;%2F%3E\" data-src=\"https:\/\/impulsoverde.org\/wp-content\/uploads\/2023\/02\/laguna_frailejones_impulso_verde-1-374x280.jpg\" data-srcset=\"https:\/\/impulsoverde.org\/wp-content\/uploads\/2023\/02\/laguna_frailejones_impulso_verde-1-374x280.jpg 374w, https:\/\/impulsoverde.org\/wp-content\/uploads\/2023\/02\/laguna_frailejones_impulso_verde-1-561x420.jpg 561w\" loading=\"eager\" style=\"--ratio: 374 \/ 280\" sizes=\"(max-width: 374px) 100vw, 374px\" alt=\"\" width=\"374\" height=\"280\"  \/><span class=\"gallery-rollover\"><span class=\"gallery-zoom-ico icomoon-the7-font-the7-zoom-06\"><span><\/span><\/span><\/span><\/a><\/article><\/div><div class=\"visible wf-cell\" data-post-id=\"1705\" data-date=\"2023-02-11T07:03:28-05:00\" data-name=\"DCIM105GOPROGOPR6132.JPG\"><article class=\"post visible post-1705 attachment type-attachment status-inherit hentry no-img\"><a href=\"https:\/\/impulsoverde.org\/wp-content\/uploads\/2023\/02\/kathe_linnette_frailejon_impulso_verde.jpg\" class=\"rollover-click-target rollover dt-pswp-item layzr-bg\" title=\"DCIM105GOPROGOPR6132.JPG\" data-dt-img-description=\"\"  data-large_image_width=\"2000\" data-large_image_height = \"1500\" ><img decoding=\"async\" class=\"preload-me iso-lazy-load aspect\" src=\"data:image\/svg+xml,%3Csvg%20xmlns%3D&#39;http%3A%2F%2Fwww.w3.org%2F2000%2Fsvg&#39;%20viewBox%3D&#39;0%200%20374%20280&#39;%2F%3E\" data-src=\"https:\/\/impulsoverde.org\/wp-content\/uploads\/2023\/02\/kathe_linnette_frailejon_impulso_verde-374x280.jpg\" data-srcset=\"https:\/\/impulsoverde.org\/wp-content\/uploads\/2023\/02\/kathe_linnette_frailejon_impulso_verde-374x280.jpg 374w, https:\/\/impulsoverde.org\/wp-content\/uploads\/2023\/02\/kathe_linnette_frailejon_impulso_verde-561x420.jpg 561w\" loading=\"eager\" style=\"--ratio: 374 \/ 280\" sizes=\"(max-width: 374px) 100vw, 374px\" alt=\"\" width=\"374\" height=\"280\"  \/><span class=\"gallery-rollover\"><span class=\"gallery-zoom-ico icomoon-the7-font-the7-zoom-06\"><span><\/span><\/span><\/span><\/a><\/article><\/div><div class=\"visible wf-cell\" data-post-id=\"1703\" data-date=\"2023-02-11T07:03:25-05:00\" data-name=\"DCIM105GOPROGOPR6289.JPG\"><article class=\"post visible post-1703 attachment type-attachment status-inherit hentry no-img\"><a href=\"https:\/\/impulsoverde.org\/wp-content\/uploads\/2023\/02\/grupo_pumamaki_impulso_verde-1.jpg\" class=\"rollover-click-target rollover dt-pswp-item layzr-bg\" title=\"DCIM105GOPROGOPR6289.JPG\" data-dt-img-description=\"\"  data-large_image_width=\"2000\" data-large_image_height = \"1500\" ><img decoding=\"async\" class=\"preload-me iso-lazy-load aspect\" src=\"data:image\/svg+xml,%3Csvg%20xmlns%3D&#39;http%3A%2F%2Fwww.w3.org%2F2000%2Fsvg&#39;%20viewBox%3D&#39;0%200%20374%20280&#39;%2F%3E\" data-src=\"https:\/\/impulsoverde.org\/wp-content\/uploads\/2023\/02\/grupo_pumamaki_impulso_verde-1-374x280.jpg\" data-srcset=\"https:\/\/impulsoverde.org\/wp-content\/uploads\/2023\/02\/grupo_pumamaki_impulso_verde-1-374x280.jpg 374w, https:\/\/impulsoverde.org\/wp-content\/uploads\/2023\/02\/grupo_pumamaki_impulso_verde-1-561x420.jpg 561w\" loading=\"eager\" style=\"--ratio: 374 \/ 280\" sizes=\"(max-width: 374px) 100vw, 374px\" alt=\"\" width=\"374\" height=\"280\"  \/><span class=\"gallery-rollover\"><span class=\"gallery-zoom-ico icomoon-the7-font-the7-zoom-06\"><span><\/span><\/span><\/span><\/a><\/article><\/div><div class=\"visible wf-cell\" data-post-id=\"1697\" data-date=\"2023-02-11T07:03:19-05:00\" data-name=\"DCIM105GOPROGOPR6337.JPG\"><article class=\"post visible post-1697 attachment type-attachment status-inherit hentry no-img\"><a href=\"https:\/\/impulsoverde.org\/wp-content\/uploads\/2023\/02\/grupo_minga_impulso_verde.jpg\" class=\"rollover-click-target rollover dt-pswp-item layzr-bg\" title=\"DCIM105GOPROGOPR6337.JPG\" data-dt-img-description=\"\"  data-large_image_width=\"2000\" data-large_image_height = \"1500\" ><img decoding=\"async\" class=\"preload-me iso-lazy-load aspect\" src=\"data:image\/svg+xml,%3Csvg%20xmlns%3D&#39;http%3A%2F%2Fwww.w3.org%2F2000%2Fsvg&#39;%20viewBox%3D&#39;0%200%20374%20280&#39;%2F%3E\" data-src=\"https:\/\/impulsoverde.org\/wp-content\/uploads\/2023\/02\/grupo_minga_impulso_verde-374x280.jpg\" data-srcset=\"https:\/\/impulsoverde.org\/wp-content\/uploads\/2023\/02\/grupo_minga_impulso_verde-374x280.jpg 374w, https:\/\/impulsoverde.org\/wp-content\/uploads\/2023\/02\/grupo_minga_impulso_verde-561x420.jpg 561w\" loading=\"eager\" style=\"--ratio: 374 \/ 280\" sizes=\"(max-width: 374px) 100vw, 374px\" alt=\"\" width=\"374\" height=\"280\"  \/><span class=\"gallery-rollover\"><span class=\"gallery-zoom-ico icomoon-the7-font-the7-zoom-06\"><span><\/span><\/span><\/span><\/a><\/article><\/div><div class=\"visible wf-cell\" data-post-id=\"1695\" data-date=\"2023-02-11T07:03:16-05:00\" data-name=\"DCIM105GOPROGOPR6288.JPG\"><article class=\"post visible post-1695 attachment type-attachment status-inherit hentry no-img\"><a href=\"https:\/\/impulsoverde.org\/wp-content\/uploads\/2023\/02\/gloria_tipaz_impulso_verde.jpg\" class=\"rollover-click-target rollover dt-pswp-item layzr-bg\" title=\"DCIM105GOPROGOPR6288.JPG\" data-dt-img-description=\"\"  data-large_image_width=\"2000\" data-large_image_height = \"1500\" ><img decoding=\"async\" class=\"preload-me iso-lazy-load aspect\" src=\"data:image\/svg+xml,%3Csvg%20xmlns%3D&#39;http%3A%2F%2Fwww.w3.org%2F2000%2Fsvg&#39;%20viewBox%3D&#39;0%200%20374%20280&#39;%2F%3E\" data-src=\"https:\/\/impulsoverde.org\/wp-content\/uploads\/2023\/02\/gloria_tipaz_impulso_verde-374x280.jpg\" data-srcset=\"https:\/\/impulsoverde.org\/wp-content\/uploads\/2023\/02\/gloria_tipaz_impulso_verde-374x280.jpg 374w, https:\/\/impulsoverde.org\/wp-content\/uploads\/2023\/02\/gloria_tipaz_impulso_verde-561x420.jpg 561w\" loading=\"eager\" style=\"--ratio: 374 \/ 280\" sizes=\"(max-width: 374px) 100vw, 374px\" alt=\"\" width=\"374\" height=\"280\"  \/><span class=\"gallery-rollover\"><span class=\"gallery-zoom-ico icomoon-the7-font-the7-zoom-06\"><span><\/span><\/span><\/span><\/a><\/article><\/div><div class=\"visible wf-cell\" data-post-id=\"1693\" data-date=\"2023-02-11T07:03:14-05:00\" data-name=\"DCIM105GOPROGOPR6163.JPG\"><article class=\"post visible post-1693 attachment type-attachment status-inherit hentry no-img\"><a href=\"https:\/\/impulsoverde.org\/wp-content\/uploads\/2023\/02\/frailejones_minga_impulso_verde.jpg\" class=\"rollover-click-target rollover dt-pswp-item layzr-bg\" title=\"DCIM105GOPROGOPR6163.JPG\" data-dt-img-description=\"\"  data-large_image_width=\"2000\" data-large_image_height = \"1500\" ><img decoding=\"async\" class=\"preload-me iso-lazy-load aspect\" src=\"data:image\/svg+xml,%3Csvg%20xmlns%3D&#39;http%3A%2F%2Fwww.w3.org%2F2000%2Fsvg&#39;%20viewBox%3D&#39;0%200%20374%20280&#39;%2F%3E\" data-src=\"https:\/\/impulsoverde.org\/wp-content\/uploads\/2023\/02\/frailejones_minga_impulso_verde-374x280.jpg\" data-srcset=\"https:\/\/impulsoverde.org\/wp-content\/uploads\/2023\/02\/frailejones_minga_impulso_verde-374x280.jpg 374w, https:\/\/impulsoverde.org\/wp-content\/uploads\/2023\/02\/frailejones_minga_impulso_verde-561x420.jpg 561w\" loading=\"eager\" style=\"--ratio: 374 \/ 280\" sizes=\"(max-width: 374px) 100vw, 374px\" alt=\"\" width=\"374\" height=\"280\"  \/><span class=\"gallery-rollover\"><span class=\"gallery-zoom-ico icomoon-the7-font-the7-zoom-06\"><span><\/span><\/span><\/span><\/a><\/article><\/div><div class=\"visible wf-cell\" data-post-id=\"1691\" data-date=\"2023-02-11T07:03:12-05:00\" data-name=\"DCIM105GOPROGOPR6274.JPG\"><article class=\"post visible post-1691 attachment type-attachment status-inherit hentry no-img\"><a href=\"https:\/\/impulsoverde.org\/wp-content\/uploads\/2023\/02\/frailejones_laguna_atras_impulso_verde.jpg\" class=\"rollover-click-target rollover dt-pswp-item layzr-bg\" title=\"DCIM105GOPROGOPR6274.JPG\" data-dt-img-description=\"\"  data-large_image_width=\"2000\" data-large_image_height = \"1500\" ><img decoding=\"async\" class=\"preload-me iso-lazy-load aspect\" src=\"data:image\/svg+xml,%3Csvg%20xmlns%3D&#39;http%3A%2F%2Fwww.w3.org%2F2000%2Fsvg&#39;%20viewBox%3D&#39;0%200%20374%20280&#39;%2F%3E\" data-src=\"https:\/\/impulsoverde.org\/wp-content\/uploads\/2023\/02\/frailejones_laguna_atras_impulso_verde-374x280.jpg\" data-srcset=\"https:\/\/impulsoverde.org\/wp-content\/uploads\/2023\/02\/frailejones_laguna_atras_impulso_verde-374x280.jpg 374w, https:\/\/impulsoverde.org\/wp-content\/uploads\/2023\/02\/frailejones_laguna_atras_impulso_verde-561x420.jpg 561w\" loading=\"eager\" style=\"--ratio: 374 \/ 280\" sizes=\"(max-width: 374px) 100vw, 374px\" alt=\"\" width=\"374\" height=\"280\"  \/><span class=\"gallery-rollover\"><span class=\"gallery-zoom-ico icomoon-the7-font-the7-zoom-06\"><span><\/span><\/span><\/span><\/a><\/article><\/div><div class=\"visible wf-cell\" data-post-id=\"1685\" data-date=\"2023-02-11T07:03:03-05:00\" data-name=\"DCIM105GOPROG0326281.JPG\"><article class=\"post visible post-1685 attachment type-attachment status-inherit hentry no-img\"><a href=\"https:\/\/impulsoverde.org\/wp-content\/uploads\/2023\/02\/diana_laguna_impulso_verde.jpg\" class=\"rollover-click-target rollover dt-pswp-item layzr-bg\" title=\"DCIM105GOPROG0326281.JPG\" data-dt-img-description=\"\"  data-large_image_width=\"2000\" data-large_image_height = \"1500\" ><img decoding=\"async\" class=\"preload-me iso-lazy-load aspect\" src=\"data:image\/svg+xml,%3Csvg%20xmlns%3D&#39;http%3A%2F%2Fwww.w3.org%2F2000%2Fsvg&#39;%20viewBox%3D&#39;0%200%20374%20280&#39;%2F%3E\" data-src=\"https:\/\/impulsoverde.org\/wp-content\/uploads\/2023\/02\/diana_laguna_impulso_verde-374x280.jpg\" data-srcset=\"https:\/\/impulsoverde.org\/wp-content\/uploads\/2023\/02\/diana_laguna_impulso_verde-374x280.jpg 374w, https:\/\/impulsoverde.org\/wp-content\/uploads\/2023\/02\/diana_laguna_impulso_verde-561x420.jpg 561w\" loading=\"eager\" style=\"--ratio: 374 \/ 280\" sizes=\"(max-width: 374px) 100vw, 374px\" alt=\"\" width=\"374\" height=\"280\"  \/><span class=\"gallery-rollover\"><span class=\"gallery-zoom-ico icomoon-the7-font-the7-zoom-06\"><span><\/span><\/span><\/span><\/a><\/article><\/div><div class=\"visible wf-cell\" data-post-id=\"1677\" data-date=\"2023-02-11T07:02:53-05:00\" data-name=\"DCIM105GOPROGOPR6223.JPG\"><article class=\"post visible post-1677 attachment type-attachment status-inherit hentry no-img\"><a href=\"https:\/\/impulsoverde.org\/wp-content\/uploads\/2023\/02\/antoine_sembrando_impulso_verde-1.jpg\" class=\"rollover-click-target rollover dt-pswp-item layzr-bg\" title=\"DCIM105GOPROGOPR6223.JPG\" data-dt-img-description=\"\"  data-large_image_width=\"2000\" data-large_image_height = \"1500\" ><img decoding=\"async\" class=\"preload-me iso-lazy-load aspect\" src=\"data:image\/svg+xml,%3Csvg%20xmlns%3D&#39;http%3A%2F%2Fwww.w3.org%2F2000%2Fsvg&#39;%20viewBox%3D&#39;0%200%20374%20280&#39;%2F%3E\" data-src=\"https:\/\/impulsoverde.org\/wp-content\/uploads\/2023\/02\/antoine_sembrando_impulso_verde-1-374x280.jpg\" data-srcset=\"https:\/\/impulsoverde.org\/wp-content\/uploads\/2023\/02\/antoine_sembrando_impulso_verde-1-374x280.jpg 374w, https:\/\/impulsoverde.org\/wp-content\/uploads\/2023\/02\/antoine_sembrando_impulso_verde-1-561x420.jpg 561w\" loading=\"eager\" style=\"--ratio: 374 \/ 280\" sizes=\"(max-width: 374px) 100vw, 374px\" alt=\"\" width=\"374\" height=\"280\"  \/><span class=\"gallery-rollover\"><span class=\"gallery-zoom-ico icomoon-the7-font-the7-zoom-06\"><span><\/span><\/span><\/span><\/a><\/article><\/div><div class=\"visible wf-cell\" data-post-id=\"1679\" data-date=\"2023-02-11T07:02:55-05:00\" data-name=\"DCIM105GOPROGOPR6292.JPG\"><article class=\"post visible post-1679 attachment type-attachment status-inherit hentry no-img\"><a href=\"https:\/\/impulsoverde.org\/wp-content\/uploads\/2023\/02\/antoine_theo_drone_impulso_verde.jpg\" class=\"rollover-click-target rollover dt-pswp-item layzr-bg\" title=\"DCIM105GOPROGOPR6292.JPG\" data-dt-img-description=\"\"  data-large_image_width=\"2000\" data-large_image_height = \"1500\" ><img decoding=\"async\" class=\"preload-me iso-lazy-load aspect\" src=\"data:image\/svg+xml,%3Csvg%20xmlns%3D&#39;http%3A%2F%2Fwww.w3.org%2F2000%2Fsvg&#39;%20viewBox%3D&#39;0%200%20374%20280&#39;%2F%3E\" data-src=\"https:\/\/impulsoverde.org\/wp-content\/uploads\/2023\/02\/antoine_theo_drone_impulso_verde-374x280.jpg\" data-srcset=\"https:\/\/impulsoverde.org\/wp-content\/uploads\/2023\/02\/antoine_theo_drone_impulso_verde-374x280.jpg 374w, https:\/\/impulsoverde.org\/wp-content\/uploads\/2023\/02\/antoine_theo_drone_impulso_verde-561x420.jpg 561w\" loading=\"eager\" style=\"--ratio: 374 \/ 280\" sizes=\"(max-width: 374px) 100vw, 374px\" alt=\"\" width=\"374\" height=\"280\"  \/><span class=\"gallery-rollover\"><span class=\"gallery-zoom-ico icomoon-the7-font-the7-zoom-06\"><span><\/span><\/span><\/span><\/a><\/article><\/div><\/div><!-- iso-container|iso-grid --><\/div>[\/vc_column][\/vc_row]<\/p>\n<\/div>","protected":false},"excerpt":{"rendered":"<p>[vc_row gap=\u00a0\u00bb35&Prime; bg_type=\u00a0\u00bbbg_color\u00a0\u00bb bg_override=\u00a0\u00bbex-full\u00a0\u00bb bg_color_value=\u00a0\u00bb#056e04&Prime;][vc_column][vc_empty_space height=\u00a0\u00bb15px\u00a0\u00bb][\/vc_column][\/vc_row][vc_row][vc_column][vc_single_image image=\u00a0\u00bb1133&Prime; img_size=\u00a0\u00bblarge\u00a0\u00bb alignment=\u00a0\u00bbcenter\u00a0\u00bb image_hovers=\u00a0\u00bbfalse\u00a0\u00bb el_class=\u00a0\u00bbtop-omble\u00a0\u00bb][vc_column_text] Minga de Impulso Verde y la Red de Viveros &#8211; Reforestation du p\u00e1ramo de Cumbal [\/vc_column_text][vc_empty_space height=\u00a0\u00bb30px\u00a0\u00bb][\/vc_column][\/vc_row][vc_row gap=\u00a0\u00bb35&Prime; content_placement=\u00a0\u00bbmiddle\u00a0\u00bb][vc_column width=\u00a0\u00bb1\/2&Prime;][vc_single_image image=\u00a0\u00bb1637&Prime; img_size=\u00a0\u00bblarge\u00a0\u00bb alignment=\u00a0\u00bbcenter\u00a0\u00bb][vc_empty_space height=\u00a0\u00bb20px\u00a0\u00bb][\/vc_column][vc_column width=\u00a0\u00bb1\/2&Prime;][vc_column_text] Le dimanche 18 octobre, l&rsquo;association agro-\u00e9cologique Puma-Maki, du village de Muellamues dans la municipalit\u00e9 de Guachucal, a organis\u00e9 une&hellip;<\/p>\n","protected":false},"author":1,"featured_media":1629,"comment_status":"closed","ping_status":"closed","sticky":false,"template":"","format":"standard","meta":{"footnotes":""},"categories":[39],"tags":[],"class_list":["post-2132","post","type-post","status-publish","format-standard","has-post-thumbnail","hentry","category-actualites","category-39","description-off"],"yoast_head":"<!-- This site is optimized with the Yoast SEO plugin v27.5 - https:\/\/yoast.com\/product\/yoast-seo-wordpress\/ -->\n<title>Minga de Impulso Verde y la Red de Viveros - Reforestation du p\u00e1ramo de Cumbal - Impulso Verde<\/title>\n<meta name=\"description\" content=\"Reboisement communautaire dans le p\u00e1ramo de la lagune de Cumbal avec Impulso Verde, le Red de Viveros et UMATA de Aldana. Reboisement communautaire dans le p\u00e1ramo de la lagune de Cumbal avec Impulso Verde, le Red de Viveros et UMATA de Aldana.\" \/>\n<meta name=\"robots\" content=\"index, follow, max-snippet:-1, max-image-preview:large, max-video-preview:-1\" \/>\n<link rel=\"canonical\" href=\"https:\/\/impulsoverde.org\/fr\/participation-de-lequipe-dimpulso-verde-et-du-reseau-de-pepinieres-a-une-minga-reforestons-le-paramo-du-volcan-cumbal\/\" \/>\n<meta property=\"og:locale\" content=\"fr_FR\" \/>\n<meta property=\"og:type\" content=\"article\" \/>\n<meta property=\"og:title\" content=\"Minga de Impulso Verde y la Red de Viveros - Reforestation du p\u00e1ramo de Cumbal - Impulso Verde\" \/>\n<meta property=\"og:description\" content=\"Reboisement communautaire dans le p\u00e1ramo de la lagune de Cumbal avec Impulso Verde, le Red de Viveros et UMATA de Aldana. Reboisement communautaire dans le p\u00e1ramo de la lagune de Cumbal avec Impulso Verde, le Red de Viveros et UMATA de Aldana.\" \/>\n<meta property=\"og:url\" content=\"https:\/\/impulsoverde.org\/fr\/participation-de-lequipe-dimpulso-verde-et-du-reseau-de-pepinieres-a-une-minga-reforestons-le-paramo-du-volcan-cumbal\/\" \/>\n<meta property=\"og:site_name\" content=\"Impulso Verde\" \/>\n<meta property=\"article:publisher\" content=\"https:\/\/www.facebook.com\/fundacionimpulsoverde\/\" \/>\n<meta property=\"article:published_time\" content=\"2020-10-28T11:15:49+00:00\" \/>\n<meta property=\"article:modified_time\" content=\"2023-02-21T11:59:44+00:00\" \/>\n<meta property=\"og:image\" content=\"https:\/\/impulsoverde.org\/wp-content\/uploads\/2023\/02\/laguna_frailejones_impulso_verde-1024x768.jpg\" \/>\n\t<meta property=\"og:image:width\" content=\"1024\" \/>\n\t<meta property=\"og:image:height\" content=\"768\" \/>\n\t<meta property=\"og:image:type\" content=\"image\/jpeg\" \/>\n<meta name=\"author\" content=\"Puls@tions_2077_Verde\" \/>\n<meta name=\"twitter:card\" content=\"summary_large_image\" \/>\n<meta name=\"twitter:label1\" content=\"\u00c9crit par\" \/>\n\t<meta name=\"twitter:data1\" content=\"Puls@tions_2077_Verde\" \/>\n\t<meta name=\"twitter:label2\" content=\"Dur\u00e9e de lecture estim\u00e9e\" \/>\n\t<meta name=\"twitter:data2\" content=\"3 minutes\" \/>\n<script type=\"application\/ld+json\" class=\"yoast-schema-graph\">{\"@context\":\"https:\\\/\\\/schema.org\",\"@graph\":[{\"@type\":\"Article\",\"@id\":\"https:\\\/\\\/impulsoverde.org\\\/fr\\\/participation-de-lequipe-dimpulso-verde-et-du-reseau-de-pepinieres-a-une-minga-reforestons-le-paramo-du-volcan-cumbal\\\/#article\",\"isPartOf\":{\"@id\":\"https:\\\/\\\/impulsoverde.org\\\/fr\\\/participation-de-lequipe-dimpulso-verde-et-du-reseau-de-pepinieres-a-une-minga-reforestons-le-paramo-du-volcan-cumbal\\\/\"},\"author\":{\"name\":\"Puls@tions_2077_Verde\",\"@id\":\"https:\\\/\\\/impulsoverde.org\\\/fr\\\/#\\\/schema\\\/person\\\/a4c6f158ebfbf7aed98fa0960a625a5b\"},\"headline\":\"Minga de Impulso Verde y la Red de Viveros &#8211; Reforestation du p\u00e1ramo de Cumbal\",\"datePublished\":\"2020-10-28T11:15:49+00:00\",\"dateModified\":\"2023-02-21T11:59:44+00:00\",\"mainEntityOfPage\":{\"@id\":\"https:\\\/\\\/impulsoverde.org\\\/fr\\\/participation-de-lequipe-dimpulso-verde-et-du-reseau-de-pepinieres-a-une-minga-reforestons-le-paramo-du-volcan-cumbal\\\/\"},\"wordCount\":911,\"publisher\":{\"@id\":\"https:\\\/\\\/impulsoverde.org\\\/fr\\\/#organization\"},\"image\":{\"@id\":\"https:\\\/\\\/impulsoverde.org\\\/fr\\\/participation-de-lequipe-dimpulso-verde-et-du-reseau-de-pepinieres-a-une-minga-reforestons-le-paramo-du-volcan-cumbal\\\/#primaryimage\"},\"thumbnailUrl\":\"https:\\\/\\\/impulsoverde.org\\\/wp-content\\\/uploads\\\/2023\\\/02\\\/laguna_frailejones_impulso_verde.jpg\",\"articleSection\":[\"Actualit\u00e9s\"],\"inLanguage\":\"fr-FR\"},{\"@type\":\"WebPage\",\"@id\":\"https:\\\/\\\/impulsoverde.org\\\/fr\\\/participation-de-lequipe-dimpulso-verde-et-du-reseau-de-pepinieres-a-une-minga-reforestons-le-paramo-du-volcan-cumbal\\\/\",\"url\":\"https:\\\/\\\/impulsoverde.org\\\/fr\\\/participation-de-lequipe-dimpulso-verde-et-du-reseau-de-pepinieres-a-une-minga-reforestons-le-paramo-du-volcan-cumbal\\\/\",\"name\":\"Minga de Impulso Verde y la Red de Viveros - Reforestation du p\u00e1ramo de Cumbal - Impulso Verde\",\"isPartOf\":{\"@id\":\"https:\\\/\\\/impulsoverde.org\\\/fr\\\/#website\"},\"primaryImageOfPage\":{\"@id\":\"https:\\\/\\\/impulsoverde.org\\\/fr\\\/participation-de-lequipe-dimpulso-verde-et-du-reseau-de-pepinieres-a-une-minga-reforestons-le-paramo-du-volcan-cumbal\\\/#primaryimage\"},\"image\":{\"@id\":\"https:\\\/\\\/impulsoverde.org\\\/fr\\\/participation-de-lequipe-dimpulso-verde-et-du-reseau-de-pepinieres-a-une-minga-reforestons-le-paramo-du-volcan-cumbal\\\/#primaryimage\"},\"thumbnailUrl\":\"https:\\\/\\\/impulsoverde.org\\\/wp-content\\\/uploads\\\/2023\\\/02\\\/laguna_frailejones_impulso_verde.jpg\",\"datePublished\":\"2020-10-28T11:15:49+00:00\",\"dateModified\":\"2023-02-21T11:59:44+00:00\",\"description\":\"Reboisement communautaire dans le p\u00e1ramo de la lagune de Cumbal avec Impulso Verde, le Red de Viveros et UMATA de Aldana. Reboisement communautaire dans le p\u00e1ramo de la lagune de Cumbal avec Impulso Verde, le Red de Viveros et UMATA de Aldana.\",\"breadcrumb\":{\"@id\":\"https:\\\/\\\/impulsoverde.org\\\/fr\\\/participation-de-lequipe-dimpulso-verde-et-du-reseau-de-pepinieres-a-une-minga-reforestons-le-paramo-du-volcan-cumbal\\\/#breadcrumb\"},\"inLanguage\":\"fr-FR\",\"potentialAction\":[{\"@type\":\"ReadAction\",\"target\":[\"https:\\\/\\\/impulsoverde.org\\\/fr\\\/participation-de-lequipe-dimpulso-verde-et-du-reseau-de-pepinieres-a-une-minga-reforestons-le-paramo-du-volcan-cumbal\\\/\"]}]},{\"@type\":\"ImageObject\",\"inLanguage\":\"fr-FR\",\"@id\":\"https:\\\/\\\/impulsoverde.org\\\/fr\\\/participation-de-lequipe-dimpulso-verde-et-du-reseau-de-pepinieres-a-une-minga-reforestons-le-paramo-du-volcan-cumbal\\\/#primaryimage\",\"url\":\"https:\\\/\\\/impulsoverde.org\\\/wp-content\\\/uploads\\\/2023\\\/02\\\/laguna_frailejones_impulso_verde.jpg\",\"contentUrl\":\"https:\\\/\\\/impulsoverde.org\\\/wp-content\\\/uploads\\\/2023\\\/02\\\/laguna_frailejones_impulso_verde.jpg\",\"width\":2000,\"height\":1500,\"caption\":\"DCIM105GOPROGOPR6183.JPG\"},{\"@type\":\"BreadcrumbList\",\"@id\":\"https:\\\/\\\/impulsoverde.org\\\/fr\\\/participation-de-lequipe-dimpulso-verde-et-du-reseau-de-pepinieres-a-une-minga-reforestons-le-paramo-du-volcan-cumbal\\\/#breadcrumb\",\"itemListElement\":[{\"@type\":\"ListItem\",\"position\":1,\"name\":\"Inicio\",\"item\":\"https:\\\/\\\/impulsoverde.org\\\/fr\\\/\"},{\"@type\":\"ListItem\",\"position\":2,\"name\":\"Minga de Impulso Verde y la Red de Viveros &#8211; Reforestation du p\u00e1ramo de Cumbal\"}]},{\"@type\":\"WebSite\",\"@id\":\"https:\\\/\\\/impulsoverde.org\\\/fr\\\/#website\",\"url\":\"https:\\\/\\\/impulsoverde.org\\\/fr\\\/\",\"name\":\"Impulso Verde\",\"description\":\"Impulso Verde\",\"publisher\":{\"@id\":\"https:\\\/\\\/impulsoverde.org\\\/fr\\\/#organization\"},\"potentialAction\":[{\"@type\":\"SearchAction\",\"target\":{\"@type\":\"EntryPoint\",\"urlTemplate\":\"https:\\\/\\\/impulsoverde.org\\\/fr\\\/?s={search_term_string}\"},\"query-input\":{\"@type\":\"PropertyValueSpecification\",\"valueRequired\":true,\"valueName\":\"search_term_string\"}}],\"inLanguage\":\"fr-FR\"},{\"@type\":\"Organization\",\"@id\":\"https:\\\/\\\/impulsoverde.org\\\/fr\\\/#organization\",\"name\":\"Impulso Verde\",\"url\":\"https:\\\/\\\/impulsoverde.org\\\/fr\\\/\",\"logo\":{\"@type\":\"ImageObject\",\"inLanguage\":\"fr-FR\",\"@id\":\"https:\\\/\\\/impulsoverde.org\\\/fr\\\/#\\\/schema\\\/logo\\\/image\\\/\",\"url\":\"https:\\\/\\\/impulsoverde.org\\\/wp-content\\\/uploads\\\/2023\\\/02\\\/logo_impulso_verde_r-2023.png\",\"contentUrl\":\"https:\\\/\\\/impulsoverde.org\\\/wp-content\\\/uploads\\\/2023\\\/02\\\/logo_impulso_verde_r-2023.png\",\"width\":300,\"height\":346,\"caption\":\"Impulso Verde\"},\"image\":{\"@id\":\"https:\\\/\\\/impulsoverde.org\\\/fr\\\/#\\\/schema\\\/logo\\\/image\\\/\"},\"sameAs\":[\"https:\\\/\\\/www.facebook.com\\\/fundacionimpulsoverde\\\/\",\"https:\\\/\\\/www.instagram.com\\\/fundacionimpulsoverde\\\/\",\"https:\\\/\\\/www.youtube.com\\\/channel\\\/UCwE9ZP8PS7IbxVncgZgjl1w\\\/featured\"]},{\"@type\":\"Person\",\"@id\":\"https:\\\/\\\/impulsoverde.org\\\/fr\\\/#\\\/schema\\\/person\\\/a4c6f158ebfbf7aed98fa0960a625a5b\",\"name\":\"Puls@tions_2077_Verde\",\"sameAs\":[\"https:\\\/\\\/impulsoverde.org\"],\"url\":\"https:\\\/\\\/impulsoverde.org\\\/fr\\\/author\\\/cyberverde-2077\\\/\"}]}<\/script>\n<!-- \/ Yoast SEO plugin. -->","yoast_head_json":{"title":"Minga de Impulso Verde y la Red de Viveros - Reforestation du p\u00e1ramo de Cumbal - Impulso Verde","description":"Reboisement communautaire dans le p\u00e1ramo de la lagune de Cumbal avec Impulso Verde, le Red de Viveros et UMATA de Aldana. Reboisement communautaire dans le p\u00e1ramo de la lagune de Cumbal avec Impulso Verde, le Red de Viveros et UMATA de Aldana.","robots":{"index":"index","follow":"follow","max-snippet":"max-snippet:-1","max-image-preview":"max-image-preview:large","max-video-preview":"max-video-preview:-1"},"canonical":"https:\/\/impulsoverde.org\/fr\/participation-de-lequipe-dimpulso-verde-et-du-reseau-de-pepinieres-a-une-minga-reforestons-le-paramo-du-volcan-cumbal\/","og_locale":"fr_FR","og_type":"article","og_title":"Minga de Impulso Verde y la Red de Viveros - Reforestation du p\u00e1ramo de Cumbal - Impulso Verde","og_description":"Reboisement communautaire dans le p\u00e1ramo de la lagune de Cumbal avec Impulso Verde, le Red de Viveros et UMATA de Aldana. Reboisement communautaire dans le p\u00e1ramo de la lagune de Cumbal avec Impulso Verde, le Red de Viveros et UMATA de Aldana.","og_url":"https:\/\/impulsoverde.org\/fr\/participation-de-lequipe-dimpulso-verde-et-du-reseau-de-pepinieres-a-une-minga-reforestons-le-paramo-du-volcan-cumbal\/","og_site_name":"Impulso Verde","article_publisher":"https:\/\/www.facebook.com\/fundacionimpulsoverde\/","article_published_time":"2020-10-28T11:15:49+00:00","article_modified_time":"2023-02-21T11:59:44+00:00","og_image":[{"width":1024,"height":768,"url":"https:\/\/impulsoverde.org\/wp-content\/uploads\/2023\/02\/laguna_frailejones_impulso_verde-1024x768.jpg","type":"image\/jpeg"}],"author":"Puls@tions_2077_Verde","twitter_card":"summary_large_image","twitter_misc":{"\u00c9crit par":"Puls@tions_2077_Verde","Dur\u00e9e de lecture estim\u00e9e":"3 minutes"},"schema":{"@context":"https:\/\/schema.org","@graph":[{"@type":"Article","@id":"https:\/\/impulsoverde.org\/fr\/participation-de-lequipe-dimpulso-verde-et-du-reseau-de-pepinieres-a-une-minga-reforestons-le-paramo-du-volcan-cumbal\/#article","isPartOf":{"@id":"https:\/\/impulsoverde.org\/fr\/participation-de-lequipe-dimpulso-verde-et-du-reseau-de-pepinieres-a-une-minga-reforestons-le-paramo-du-volcan-cumbal\/"},"author":{"name":"Puls@tions_2077_Verde","@id":"https:\/\/impulsoverde.org\/fr\/#\/schema\/person\/a4c6f158ebfbf7aed98fa0960a625a5b"},"headline":"Minga de Impulso Verde y la Red de Viveros &#8211; Reforestation du p\u00e1ramo de Cumbal","datePublished":"2020-10-28T11:15:49+00:00","dateModified":"2023-02-21T11:59:44+00:00","mainEntityOfPage":{"@id":"https:\/\/impulsoverde.org\/fr\/participation-de-lequipe-dimpulso-verde-et-du-reseau-de-pepinieres-a-une-minga-reforestons-le-paramo-du-volcan-cumbal\/"},"wordCount":911,"publisher":{"@id":"https:\/\/impulsoverde.org\/fr\/#organization"},"image":{"@id":"https:\/\/impulsoverde.org\/fr\/participation-de-lequipe-dimpulso-verde-et-du-reseau-de-pepinieres-a-une-minga-reforestons-le-paramo-du-volcan-cumbal\/#primaryimage"},"thumbnailUrl":"https:\/\/impulsoverde.org\/wp-content\/uploads\/2023\/02\/laguna_frailejones_impulso_verde.jpg","articleSection":["Actualit\u00e9s"],"inLanguage":"fr-FR"},{"@type":"WebPage","@id":"https:\/\/impulsoverde.org\/fr\/participation-de-lequipe-dimpulso-verde-et-du-reseau-de-pepinieres-a-une-minga-reforestons-le-paramo-du-volcan-cumbal\/","url":"https:\/\/impulsoverde.org\/fr\/participation-de-lequipe-dimpulso-verde-et-du-reseau-de-pepinieres-a-une-minga-reforestons-le-paramo-du-volcan-cumbal\/","name":"Minga de Impulso Verde y la Red de Viveros - Reforestation du p\u00e1ramo de Cumbal - Impulso Verde","isPartOf":{"@id":"https:\/\/impulsoverde.org\/fr\/#website"},"primaryImageOfPage":{"@id":"https:\/\/impulsoverde.org\/fr\/participation-de-lequipe-dimpulso-verde-et-du-reseau-de-pepinieres-a-une-minga-reforestons-le-paramo-du-volcan-cumbal\/#primaryimage"},"image":{"@id":"https:\/\/impulsoverde.org\/fr\/participation-de-lequipe-dimpulso-verde-et-du-reseau-de-pepinieres-a-une-minga-reforestons-le-paramo-du-volcan-cumbal\/#primaryimage"},"thumbnailUrl":"https:\/\/impulsoverde.org\/wp-content\/uploads\/2023\/02\/laguna_frailejones_impulso_verde.jpg","datePublished":"2020-10-28T11:15:49+00:00","dateModified":"2023-02-21T11:59:44+00:00","description":"Reboisement communautaire dans le p\u00e1ramo de la lagune de Cumbal avec Impulso Verde, le Red de Viveros et UMATA de Aldana. Reboisement communautaire dans le p\u00e1ramo de la lagune de Cumbal avec Impulso Verde, le Red de Viveros et UMATA de Aldana.","breadcrumb":{"@id":"https:\/\/impulsoverde.org\/fr\/participation-de-lequipe-dimpulso-verde-et-du-reseau-de-pepinieres-a-une-minga-reforestons-le-paramo-du-volcan-cumbal\/#breadcrumb"},"inLanguage":"fr-FR","potentialAction":[{"@type":"ReadAction","target":["https:\/\/impulsoverde.org\/fr\/participation-de-lequipe-dimpulso-verde-et-du-reseau-de-pepinieres-a-une-minga-reforestons-le-paramo-du-volcan-cumbal\/"]}]},{"@type":"ImageObject","inLanguage":"fr-FR","@id":"https:\/\/impulsoverde.org\/fr\/participation-de-lequipe-dimpulso-verde-et-du-reseau-de-pepinieres-a-une-minga-reforestons-le-paramo-du-volcan-cumbal\/#primaryimage","url":"https:\/\/impulsoverde.org\/wp-content\/uploads\/2023\/02\/laguna_frailejones_impulso_verde.jpg","contentUrl":"https:\/\/impulsoverde.org\/wp-content\/uploads\/2023\/02\/laguna_frailejones_impulso_verde.jpg","width":2000,"height":1500,"caption":"DCIM105GOPROGOPR6183.JPG"},{"@type":"BreadcrumbList","@id":"https:\/\/impulsoverde.org\/fr\/participation-de-lequipe-dimpulso-verde-et-du-reseau-de-pepinieres-a-une-minga-reforestons-le-paramo-du-volcan-cumbal\/#breadcrumb","itemListElement":[{"@type":"ListItem","position":1,"name":"Inicio","item":"https:\/\/impulsoverde.org\/fr\/"},{"@type":"ListItem","position":2,"name":"Minga de Impulso Verde y la Red de Viveros &#8211; Reforestation du p\u00e1ramo de Cumbal"}]},{"@type":"WebSite","@id":"https:\/\/impulsoverde.org\/fr\/#website","url":"https:\/\/impulsoverde.org\/fr\/","name":"Impulso Verde","description":"Impulso Verde","publisher":{"@id":"https:\/\/impulsoverde.org\/fr\/#organization"},"potentialAction":[{"@type":"SearchAction","target":{"@type":"EntryPoint","urlTemplate":"https:\/\/impulsoverde.org\/fr\/?s={search_term_string}"},"query-input":{"@type":"PropertyValueSpecification","valueRequired":true,"valueName":"search_term_string"}}],"inLanguage":"fr-FR"},{"@type":"Organization","@id":"https:\/\/impulsoverde.org\/fr\/#organization","name":"Impulso Verde","url":"https:\/\/impulsoverde.org\/fr\/","logo":{"@type":"ImageObject","inLanguage":"fr-FR","@id":"https:\/\/impulsoverde.org\/fr\/#\/schema\/logo\/image\/","url":"https:\/\/impulsoverde.org\/wp-content\/uploads\/2023\/02\/logo_impulso_verde_r-2023.png","contentUrl":"https:\/\/impulsoverde.org\/wp-content\/uploads\/2023\/02\/logo_impulso_verde_r-2023.png","width":300,"height":346,"caption":"Impulso Verde"},"image":{"@id":"https:\/\/impulsoverde.org\/fr\/#\/schema\/logo\/image\/"},"sameAs":["https:\/\/www.facebook.com\/fundacionimpulsoverde\/","https:\/\/www.instagram.com\/fundacionimpulsoverde\/","https:\/\/www.youtube.com\/channel\/UCwE9ZP8PS7IbxVncgZgjl1w\/featured"]},{"@type":"Person","@id":"https:\/\/impulsoverde.org\/fr\/#\/schema\/person\/a4c6f158ebfbf7aed98fa0960a625a5b","name":"Puls@tions_2077_Verde","sameAs":["https:\/\/impulsoverde.org"],"url":"https:\/\/impulsoverde.org\/fr\/author\/cyberverde-2077\/"}]}},"_links":{"self":[{"href":"https:\/\/impulsoverde.org\/fr\/wp-json\/wp\/v2\/posts\/2132","targetHints":{"allow":["GET"]}}],"collection":[{"href":"https:\/\/impulsoverde.org\/fr\/wp-json\/wp\/v2\/posts"}],"about":[{"href":"https:\/\/impulsoverde.org\/fr\/wp-json\/wp\/v2\/types\/post"}],"author":[{"embeddable":true,"href":"https:\/\/impulsoverde.org\/fr\/wp-json\/wp\/v2\/users\/1"}],"replies":[{"embeddable":true,"href":"https:\/\/impulsoverde.org\/fr\/wp-json\/wp\/v2\/comments?post=2132"}],"version-history":[{"count":9,"href":"https:\/\/impulsoverde.org\/fr\/wp-json\/wp\/v2\/posts\/2132\/revisions"}],"predecessor-version":[{"id":2932,"href":"https:\/\/impulsoverde.org\/fr\/wp-json\/wp\/v2\/posts\/2132\/revisions\/2932"}],"wp:featuredmedia":[{"embeddable":true,"href":"https:\/\/impulsoverde.org\/fr\/wp-json\/wp\/v2\/media\/1629"}],"wp:attachment":[{"href":"https:\/\/impulsoverde.org\/fr\/wp-json\/wp\/v2\/media?parent=2132"}],"wp:term":[{"taxonomy":"category","embeddable":true,"href":"https:\/\/impulsoverde.org\/fr\/wp-json\/wp\/v2\/categories?post=2132"},{"taxonomy":"post_tag","embeddable":true,"href":"https:\/\/impulsoverde.org\/fr\/wp-json\/wp\/v2\/tags?post=2132"}],"curies":[{"name":"wp","href":"https:\/\/api.w.org\/{rel}","templated":true}]}}